{"id":2698,"date":"2017-03-17T11:12:23","date_gmt":"2017-03-17T10:12:23","guid":{"rendered":"http:\/\/www.aniauczy.pl\/?p=2698"},"modified":"2017-03-17T11:12:23","modified_gmt":"2017-03-17T10:12:23","slug":"wiersz-o-kwiatach","status":"publish","type":"post","link":"https:\/\/www.aniauczy.pl\/?p=2698","title":{"rendered":"Wiersz o kwiatach"},"content":{"rendered":"<p style=\"text-align: left;\">Wierszyk Doroty Gellner do kolekcji wierszy dla dzieci, kt\u00f3r\u0105 mo\u017cna stworzy\u0107 w przedszkolu albo w domu.<\/p>\n<p style=\"text-align: left;\">Czasami \u0142atwiej wzi\u0105\u0107 jedn\u0105 kartk\u0119 z p\u00f3\u0142ki ni\u017c ca\u0142\u0105 ksi\u0105\u017ck\u0119.<\/p>\n<p style=\"text-align: left;\">W za\u0142\u0105czeniu Kwiatki-bratki ze zdj\u0119ciami w formacie pdf do pobrania:\u00a0<a href=\"http:\/\/www.aniauczy.pl\/wp-content\/uploads\/2017\/03\/Dorota-Gellner-Kwiatki.pdf\">Dorota Gellner Kwiatki<\/a><\/p>\n<p style=\"text-align: left;\">(Aby mie\u0107 na d\u0142u\u017cej, po wydruku najlepiej zalaminowa\u0107.)<\/p>\n<p style=\"text-align: left;\"><strong>Dorota Gellner<\/strong><\/p>\n<p style=\"text-align: left;\"><strong>\u00a0<\/strong><strong>Kwiatki &#8211; bratki<\/strong><\/p>\n<p>Jestem sobie ogrodniczka,<br \/>\nmam nasionek p\u00f3\u0142 koszyczka.<br \/>\nJedne g\u0142adkie, drugie w \u0142atki,<br \/>\na z tych nasion b\u0119d\u0105 kwiatki.<\/p>\n<p>Kwiatki &#8211; bratki i stokrotki,<\/p>\n<p style=\"text-align: left;\">dla Malwinki, dla Dorotki,<br \/>\nkolorowe i pachn\u0105ce,<br \/>\nmalowane s\u0142o\u0144cem.<\/p>\n<p style=\"text-align: left;\">Mam konewk\u0119 z du\u017cym uchem,<br \/>\nco podlewa grz\u0105dki suche.<br \/>\nMam \u0142opatk\u0119 oraz grabki,<br \/>\nbo ja dbam o swoje kwiatki.<\/p>\n<p>Kwiatki &#8211; bratki i stokrotki,<br \/>\ndla Malwinki, dla Dorotki,<br \/>\nkolorowe i pachn\u0105ce,<br \/>\nmalowane s\u0142o\u0144cem.<\/p>\n<p style=\"text-align: left;\"><a href=\"http:\/\/www.aniauczy.pl\/wp-content\/uploads\/2017\/03\/2009-06-14_15-53_DSC_0022.jpg\"><img loading=\"lazy\" decoding=\"async\" class=\"alignnone size-medium wp-image-2708\" src=\"http:\/\/www.aniauczy.pl\/wp-content\/uploads\/2017\/03\/2009-06-14_15-53_DSC_0022-300x199.jpg\" alt=\"\" width=\"300\" height=\"199\" srcset=\"https:\/\/www.aniauczy.pl\/wp-content\/uploads\/2017\/03\/2009-06-14_15-53_DSC_0022-300x199.jpg 300w, https:\/\/www.aniauczy.pl\/wp-content\/uploads\/2017\/03\/2009-06-14_15-53_DSC_0022-768x510.jpg 768w, https:\/\/www.aniauczy.pl\/wp-content\/uploads\/2017\/03\/2009-06-14_15-53_DSC_0022-1024x680.jpg 1024w, https:\/\/www.aniauczy.pl\/wp-content\/uploads\/2017\/03\/2009-06-14_15-53_DSC_0022.jpg 1355w\" sizes=\"auto, (max-width: 300px) 100vw, 300px\" \/><\/a><\/p>\n<p>&nbsp;<\/p>\n<p>&nbsp;<\/p>\n<p>&nbsp;<\/p>\n","protected":false},"excerpt":{"rendered":"<p>Wierszyk Doroty Gellner do kolekcji wierszy dla dzieci, kt\u00f3r\u0105 mo\u017cna stworzy\u0107 w przedszkolu albo w domu. Czasami \u0142atwiej wzi\u0105\u0107 jedn\u0105 kartk\u0119 z p\u00f3\u0142ki ni\u017c ca\u0142\u0105 ksi\u0105\u017ck\u0119. W za\u0142\u0105czeniu Kwiatki-bratki ze zdj\u0119ciami w formacie pdf do pobrania:\u00a0Dorota Gellner Kwiatki (Aby mie\u0107 na d\u0142u\u017cej, po wydruku najlepiej zalaminowa\u0107.) Dorota Gellner \u00a0Kwiatki &#8211; bratki Jestem sobie ogrodniczka, mam [&hellip;]<\/p>\n","protected":false},"author":1,"featured_media":2708,"comment_status":"open","ping_status":"open","sticky":false,"template":"","format":"standard","meta":{"footnotes":""},"categories":[133,6,168],"tags":[238],"class_list":["post-2698","post","type-post","status-publish","format-standard","has-post-thumbnail","hentry","category-do-pobrania","category-jezyk-polski","category-montessori","tag-wiersz-o-kwiatach"],"_links":{"self":[{"href":"https:\/\/www.aniauczy.pl\/index.php?rest_route=\/wp\/v2\/posts\/2698","targetHints":{"allow":["GET"]}}],"collection":[{"href":"https:\/\/www.aniauczy.pl\/index.php?rest_route=\/wp\/v2\/posts"}],"about":[{"href":"https:\/\/www.aniauczy.pl\/index.php?rest_route=\/wp\/v2\/types\/post"}],"author":[{"embeddable":true,"href":"https:\/\/www.aniauczy.pl\/index.php?rest_route=\/wp\/v2\/users\/1"}],"replies":[{"embeddable":true,"href":"https:\/\/www.aniauczy.pl\/index.php?rest_route=%2Fwp%2Fv2%2Fcomments&post=2698"}],"version-history":[{"count":2,"href":"https:\/\/www.aniauczy.pl\/index.php?rest_route=\/wp\/v2\/posts\/2698\/revisions"}],"predecessor-version":[{"id":2710,"href":"https:\/\/www.aniauczy.pl\/index.php?rest_route=\/wp\/v2\/posts\/2698\/revisions\/2710"}],"wp:featuredmedia":[{"embeddable":true,"href":"https:\/\/www.aniauczy.pl\/index.php?rest_route=\/wp\/v2\/media\/2708"}],"wp:attachment":[{"href":"https:\/\/www.aniauczy.pl\/index.php?rest_route=%2Fwp%2Fv2%2Fmedia&parent=2698"}],"wp:term":[{"taxonomy":"category","embeddable":true,"href":"https:\/\/www.aniauczy.pl\/index.php?rest_route=%2Fwp%2Fv2%2Fcategories&post=2698"},{"taxonomy":"post_tag","embeddable":true,"href":"https:\/\/www.aniauczy.pl\/index.php?rest_route=%2Fwp%2Fv2%2Ftags&post=2698"}],"curies":[{"name":"wp","href":"https:\/\/api.w.org\/{rel}","templated":true}]}}