{"id":169,"date":"2015-04-28T00:07:15","date_gmt":"2015-04-27T22:07:15","guid":{"rendered":"http:\/\/www.aniauczy.pl\/?p=169"},"modified":"2016-10-25T13:35:58","modified_gmt":"2016-10-25T11:35:58","slug":"zapamietac-date-iii-rozbioru-polski","status":"publish","type":"post","link":"https:\/\/www.aniauczy.pl\/?p=169","title":{"rendered":"Data III rozbioru Polski"},"content":{"rendered":"<p><strong>Jak zapami\u0119ta\u0107 na d\u0142ugo dat\u0119 III rozbioru Polski?<\/strong><\/p>\n<p>Fonetyczny system pami\u0119ciowy* przychodzi z pomoc\u0105.<\/p>\n<p>III rozbi\u00f3r Polski to\u00a0<strong>1795<\/strong> rok.<\/p>\n<p><strong>795 to kapelusz<\/strong>.<\/p>\n<p>&#8222;K&#8221; to cyfra 7, &#8222;a&#8221; jak ka\u017cda samog\u0142oska nic nie znaczy, &#8222;p&#8221; to 9, &#8222;e&#8221; nic nie oznacza, &#8222;l&#8221; to cyfra 5, &#8222;u&#8221; nie nie znaczy, &#8222;sz&#8221; nic nie znaczy.<\/p>\n<p>Mo\u017cna wyobrazi\u0107 sobie kapelusz, kt\u00f3ry zakrywa Polsk\u0119 na mapie i wszystkim robi si\u0119 smutno.<\/p>\n<p>\u017beby trwale zapami\u0119ta\u0107 t\u0119 dat\u0119 trzeba wyobrazi\u0107 sobie konkretny kapelusz, widz\u0105c jego kszta\u0142t, kolor, stan (czy jest zniszczony, czy nie). Trzeba zobaczy\u0107 t\u0119 map\u0119 i poczu\u0107 smutek z powodu utraty niepodleg\u0142o\u015bci.<\/p>\n<p>Cyfra tysi\u0119cy dla wi\u0119kszo\u015bci ucz\u0105cych si\u0119 historii jest zb\u0119dna.<\/p>\n<p>Ten kto ma zapami\u0119ta\u0107 daty potrafi z regu\u0142y umiejscowi\u0107 wydarzenie w tysi\u0105cleciu.<\/p>\n<p>Cho\u0107 mo\u017cna sobie wyobrazi\u0107 bardzo du\u017co &#8211; TYSI\u0104C &#8211; kapeluszy zakrywaj\u0105cych Polsk\u0119.<\/p>\n<p><a href=\"http:\/\/www.aniauczy.pl\/wp-content\/uploads\/2015\/04\/2015-05-06_12-15_DSC_2822-Kopia.jpg\"><img loading=\"lazy\" decoding=\"async\" class=\"alignnone size-thumbnail wp-image-593\" src=\"http:\/\/www.aniauczy.pl\/wp-content\/uploads\/2015\/04\/2015-05-06_12-15_DSC_2822-Kopia-150x150.jpg\" alt=\"III Rozbi\u00f3r Polski kapelusze\" width=\"150\" height=\"150\" \/><\/a><\/p>\n<p><strong>*Na czym polega system?<\/strong><\/p>\n<p>Jest to system fonetyczny, kt\u00f3ry opiera si\u0119 na zamianie cyfr na sp\u00f3\u0142g\u0142oski, a dok\u0142adniej na g\u0142oski (d\u017awi\u0119ki) sp\u00f3\u0142g\u0142osek oraz \u0142\u0105czenie ich w wyrazy przez dodanie samog\u0142osek i innych nic nieznacz\u0105cych sp\u00f3\u0142g\u0142osek. Przy d\u0142u\u017cszych liczbach wyrazy \u0142\u0105czone s\u0105 skojarzeniami.<\/p>\n<p><strong>Jakie g\u0142oski licz\u0105 si\u0119 w systemie?<\/strong><\/p>\n<p>Cyfrom odpowiadaj\u0105 nast\u0119puj\u0105ce g\u0142oski:<\/p>\n<p>0 &#8211; s,z<\/p>\n<p>1 &#8211; t,d<\/p>\n<p>2 &#8211; n<\/p>\n<p>3 &#8211; m<\/p>\n<p>4 &#8211; r<\/p>\n<p>5 &#8211; l<\/p>\n<p>6 &#8211; j<\/p>\n<p>7 &#8211; k,g<\/p>\n<p>8 &#8211; f,w<\/p>\n<p>9 &#8211; p,b<\/p>\n<p><strong>\u00a0<\/strong><\/p>\n<p><strong>Jakie g\u0142oski nie licz\u0105 si\u0119 w systemie?<\/strong><\/p>\n<p>Niewymienione powy\u017cej, czyli wszystkie samog\u0142oski: a, \u0105, e, \u0119, i, o, u, \u00f3, y<\/p>\n<p>oraz sp\u00f3\u0142g\u0142oski: c, h (ch), \u0142, \u017c (rz), \u0107, \u017a, \u015b, \u0144, sz, cz, d\u017a<\/p>\n<p>&nbsp;<\/p>\n","protected":false},"excerpt":{"rendered":"<p>Jak zapami\u0119ta\u0107 na d\u0142ugo dat\u0119 III rozbioru Polski? Fonetyczny system pami\u0119ciowy* przychodzi z pomoc\u0105. III rozbi\u00f3r Polski to\u00a01795 rok. 795 to kapelusz. &#8222;K&#8221; to cyfra 7, &#8222;a&#8221; jak ka\u017cda samog\u0142oska nic nie znaczy, &#8222;p&#8221; to 9, &#8222;e&#8221; nic nie oznacza, &#8222;l&#8221; to cyfra 5, &#8222;u&#8221; nie nie znaczy, &#8222;sz&#8221; nic nie znaczy. Mo\u017cna wyobrazi\u0107 sobie [&hellip;]<\/p>\n","protected":false},"author":1,"featured_media":1026,"comment_status":"open","ping_status":"open","sticky":false,"template":"","format":"standard","meta":{"footnotes":""},"categories":[25,3,18,23],"tags":[],"class_list":["post-169","post","type-post","status-publish","format-standard","has-post-thumbnail","hentry","category-glowny-system-pamieciowy","category-historia","category-historia-polski","category-sposoby-uczenia-sie"],"_links":{"self":[{"href":"https:\/\/www.aniauczy.pl\/index.php?rest_route=\/wp\/v2\/posts\/169","targetHints":{"allow":["GET"]}}],"collection":[{"href":"https:\/\/www.aniauczy.pl\/index.php?rest_route=\/wp\/v2\/posts"}],"about":[{"href":"https:\/\/www.aniauczy.pl\/index.php?rest_route=\/wp\/v2\/types\/post"}],"author":[{"embeddable":true,"href":"https:\/\/www.aniauczy.pl\/index.php?rest_route=\/wp\/v2\/users\/1"}],"replies":[{"embeddable":true,"href":"https:\/\/www.aniauczy.pl\/index.php?rest_route=%2Fwp%2Fv2%2Fcomments&post=169"}],"version-history":[{"count":5,"href":"https:\/\/www.aniauczy.pl\/index.php?rest_route=\/wp\/v2\/posts\/169\/revisions"}],"predecessor-version":[{"id":2372,"href":"https:\/\/www.aniauczy.pl\/index.php?rest_route=\/wp\/v2\/posts\/169\/revisions\/2372"}],"wp:featuredmedia":[{"embeddable":true,"href":"https:\/\/www.aniauczy.pl\/index.php?rest_route=\/wp\/v2\/media\/1026"}],"wp:attachment":[{"href":"https:\/\/www.aniauczy.pl\/index.php?rest_route=%2Fwp%2Fv2%2Fmedia&parent=169"}],"wp:term":[{"taxonomy":"category","embeddable":true,"href":"https:\/\/www.aniauczy.pl\/index.php?rest_route=%2Fwp%2Fv2%2Fcategories&post=169"},{"taxonomy":"post_tag","embeddable":true,"href":"https:\/\/www.aniauczy.pl\/index.php?rest_route=%2Fwp%2Fv2%2Ftags&post=169"}],"curies":[{"name":"wp","href":"https:\/\/api.w.org\/{rel}","templated":true}]}}